{"id":1575,"date":"2023-04-27T07:57:08","date_gmt":"2023-04-27T07:57:08","guid":{"rendered":"https:\/\/www.urjc2030.es\/ui\/?p=1575"},"modified":"2023-04-27T07:57:08","modified_gmt":"2023-04-27T07:57:08","slug":"26-abril-dia-de-la-visibilidad-lesbica","status":"publish","type":"post","link":"https:\/\/www.urjc2030.es\/ui\/26-abril-dia-de-la-visibilidad-lesbica\/","title":{"rendered":"26 abril D\u00eda de la Visibilidad L\u00e9sbica"},"content":{"rendered":"<p>E<a href=\"https:\/\/www.urjc2030.es\/ui\/wp-content\/uploads\/sites\/10\/2023\/04\/love-g10129c044_1280.jpg\"><img decoding=\"async\" class=\"size-full wp-image-1576 alignright\" src=\"https:\/\/www.urjc2030.es\/ui\/wp-content\/uploads\/sites\/10\/2023\/04\/love-g10129c044_1280.jpg\" alt=\"\" width=\"400\" height=\"auto\" srcset=\"https:\/\/www.urjc2030.es\/ui\/wp-content\/uploads\/sites\/10\/2023\/04\/love-g10129c044_1280.jpg 1280w, https:\/\/www.urjc2030.es\/ui\/wp-content\/uploads\/sites\/10\/2023\/04\/love-g10129c044_1280-980x980.jpg 980w, https:\/\/www.urjc2030.es\/ui\/wp-content\/uploads\/sites\/10\/2023\/04\/love-g10129c044_1280-480x480.jpg 480w\" sizes=\"(min-width: 0px) and (max-width: 480px) 480px, (min-width: 481px) and (max-width: 980px) 980px, (min-width: 981px) 1280px, 100vw\" \/><\/a>l 26 de abril se celebra en Espa\u00f1a el \u201cD\u00eda de la Visibilidad L\u00e9sbica\u201d. El D\u00eda de la Visibilidad L\u00e9sbica comienza a celebrarse en distintas partes del mundo en el a\u00f1o 2008 con el objetivo de reconocer la lucha por derechos de colectivos, movimientos y personas por las disidencias lesbianas. El motivo de la elecci\u00f3n en nuestro pa\u00eds del d\u00eda 26 de abril vino impulsada por las propias asociaciones del colectivo LGTBIQA+ en Espa\u00f1a, pues en otros pa\u00edses el d\u00eda escogido para la celebraci\u00f3n es distinto.<\/p>\n<p>Es un d\u00eda para reivindicaci\u00f3n de la visibilidad l\u00e9sbica en todos los \u00e1mbitos y espacios, pero sobre todo en el espacio p\u00fablico. De esta manera, no s\u00f3lo se pretende acabar con prejuicios y discriminaciones, sino posibilitar referentes positivos que permitan otros imaginarios sociales. Adem\u00e1s, esta fecha nos expone claves interseccionales, ya que las mujeres lesbianas se exponen a m\u00faltiples violencias por habitar identidades y orientaciones que han sido hist\u00f3ricamente oprimidas e invisibilizadas, tal y como recoge la propia Organizaci\u00f3n de Naciones Unidas.<\/p>\n<p>Es en este sentido donde la Unidad de Diversidad y la Unidad de Igualdad unen esfuerzos para promover una sociedad m\u00e1s justa, igualitaria e inclusiva, libre de todo tipo de discriminaciones. Desde esa mirada interseccional, la Unidad de Diversidad nos invita a la \u201c<strong><a href=\"https:\/\/eventos.urjc.es\/95959\/detail\/jornada-identidades-lgtbiqa-en-lengua-de-signos.html\" target=\"_blank\" rel=\"noopener\">Jornada Identidades LGTBIQA+ en Lengua de Signos<\/a><\/strong>\u201d, donde hay una mesa espec\u00edfica sobre intersecciones Sordas o CODA con identidades lesbianas, entre otras.<\/p>\n<p><em><strong>Sara Gallardo Guijarro<\/strong><\/em><\/p>\n<p>&nbsp;<\/p>\n","protected":false},"excerpt":{"rendered":"<p>El 26 de abril se celebra en Espa\u00f1a el \u201cD\u00eda de la Visibilidad L\u00e9sbica\u201d. El D\u00eda de la Visibilidad L\u00e9sbica comienza a celebrarse en distintas partes del mundo en el a\u00f1o 2008 con el objetivo de reconocer la lucha por derechos de colectivos, movimientos y personas por las disidencias lesbianas. El motivo de la elecci\u00f3n [&hellip;]<\/p>\n","protected":false},"author":10,"featured_media":1576,"comment_status":"closed","ping_status":"closed","sticky":false,"template":"","format":"standard","meta":{"_et_pb_use_builder":"","_et_pb_old_content":"","_et_gb_content_width":"","cybocfi_hide_featured_image":"","footnotes":""},"categories":[9],"tags":[],"class_list":["post-1575","post","type-post","status-publish","format-standard","has-post-thumbnail","hentry","category-noticias-ui"],"yoast_head":"<!-- This site is optimized with the Yoast SEO plugin v27.5 - https:\/\/yoast.com\/product\/yoast-seo-wordpress\/ -->\n<title>26 abril D\u00eda de la Visibilidad L\u00e9sbica - Unidad de Igualdad<\/title>\n<meta name=\"robots\" content=\"index, follow, max-snippet:-1, max-image-preview:large, max-video-preview:-1\" \/>\n<link rel=\"canonical\" href=\"https:\/\/www.urjc2030.es\/ui\/26-abril-dia-de-la-visibilidad-lesbica\/\" \/>\n<meta property=\"og:locale\" content=\"es_ES\" \/>\n<meta property=\"og:type\" content=\"article\" \/>\n<meta property=\"og:title\" content=\"26 abril D\u00eda de la Visibilidad L\u00e9sbica - Unidad de Igualdad\" \/>\n<meta property=\"og:description\" content=\"El 26 de abril se celebra en Espa\u00f1a el \u201cD\u00eda de la Visibilidad L\u00e9sbica\u201d. El D\u00eda de la Visibilidad L\u00e9sbica comienza a celebrarse en distintas partes del mundo en el a\u00f1o 2008 con el objetivo de reconocer la lucha por derechos de colectivos, movimientos y personas por las disidencias lesbianas. El motivo de la elecci\u00f3n [&hellip;]\" \/>\n<meta property=\"og:url\" content=\"https:\/\/www.urjc2030.es\/ui\/26-abril-dia-de-la-visibilidad-lesbica\/\" \/>\n<meta property=\"og:site_name\" content=\"Unidad de Igualdad\" \/>\n<meta property=\"article:publisher\" content=\"https:\/\/www.facebook.com\/universidadreyjuancarlos\" \/>\n<meta property=\"article:published_time\" content=\"2023-04-27T07:57:08+00:00\" \/>\n<meta property=\"og:image\" content=\"https:\/\/www.urjc2030.es\/ui\/wp-content\/uploads\/sites\/10\/2023\/04\/love-g10129c044_1280.jpg\" \/>\n\t<meta property=\"og:image:width\" content=\"1280\" \/>\n\t<meta property=\"og:image:height\" content=\"1280\" \/>\n\t<meta property=\"og:image:type\" content=\"image\/jpeg\" \/>\n<meta name=\"author\" content=\"carlos\" \/>\n<meta name=\"twitter:card\" content=\"summary_large_image\" \/>\n<meta name=\"twitter:creator\" content=\"@urjc\" \/>\n<meta name=\"twitter:site\" content=\"@urjc\" \/>\n<script type=\"application\/ld+json\" class=\"yoast-schema-graph\">{\"@context\":\"https:\\\/\\\/schema.org\",\"@graph\":[{\"@type\":\"Article\",\"@id\":\"https:\\\/\\\/www.urjc2030.es\\\/ui\\\/26-abril-dia-de-la-visibilidad-lesbica\\\/#article\",\"isPartOf\":{\"@id\":\"https:\\\/\\\/www.urjc2030.es\\\/ui\\\/26-abril-dia-de-la-visibilidad-lesbica\\\/\"},\"author\":{\"name\":\"carlos\",\"@id\":\"https:\\\/\\\/www.urjc2030.es\\\/ui\\\/#\\\/schema\\\/person\\\/ddacb9e5abf914ab720a3d13fc047418\"},\"headline\":\"26 abril D\u00eda de la Visibilidad L\u00e9sbica\",\"datePublished\":\"2023-04-27T07:57:08+00:00\",\"mainEntityOfPage\":{\"@id\":\"https:\\\/\\\/www.urjc2030.es\\\/ui\\\/26-abril-dia-de-la-visibilidad-lesbica\\\/\"},\"wordCount\":267,\"publisher\":{\"@id\":\"https:\\\/\\\/www.urjc2030.es\\\/ui\\\/#organization\"},\"image\":{\"@id\":\"https:\\\/\\\/www.urjc2030.es\\\/ui\\\/26-abril-dia-de-la-visibilidad-lesbica\\\/#primaryimage\"},\"thumbnailUrl\":\"https:\\\/\\\/www.urjc2030.es\\\/ui\\\/wp-content\\\/uploads\\\/sites\\\/10\\\/2023\\\/04\\\/love-g10129c044_1280.jpg\",\"articleSection\":[\"Noticias\"],\"inLanguage\":\"es\"},{\"@type\":\"WebPage\",\"@id\":\"https:\\\/\\\/www.urjc2030.es\\\/ui\\\/26-abril-dia-de-la-visibilidad-lesbica\\\/\",\"url\":\"https:\\\/\\\/www.urjc2030.es\\\/ui\\\/26-abril-dia-de-la-visibilidad-lesbica\\\/\",\"name\":\"26 abril D\u00eda de la Visibilidad L\u00e9sbica - Unidad de Igualdad\",\"isPartOf\":{\"@id\":\"https:\\\/\\\/www.urjc2030.es\\\/ui\\\/#website\"},\"primaryImageOfPage\":{\"@id\":\"https:\\\/\\\/www.urjc2030.es\\\/ui\\\/26-abril-dia-de-la-visibilidad-lesbica\\\/#primaryimage\"},\"image\":{\"@id\":\"https:\\\/\\\/www.urjc2030.es\\\/ui\\\/26-abril-dia-de-la-visibilidad-lesbica\\\/#primaryimage\"},\"thumbnailUrl\":\"https:\\\/\\\/www.urjc2030.es\\\/ui\\\/wp-content\\\/uploads\\\/sites\\\/10\\\/2023\\\/04\\\/love-g10129c044_1280.jpg\",\"datePublished\":\"2023-04-27T07:57:08+00:00\",\"breadcrumb\":{\"@id\":\"https:\\\/\\\/www.urjc2030.es\\\/ui\\\/26-abril-dia-de-la-visibilidad-lesbica\\\/#breadcrumb\"},\"inLanguage\":\"es\",\"potentialAction\":[{\"@type\":\"ReadAction\",\"target\":[\"https:\\\/\\\/www.urjc2030.es\\\/ui\\\/26-abril-dia-de-la-visibilidad-lesbica\\\/\"]}]},{\"@type\":\"ImageObject\",\"inLanguage\":\"es\",\"@id\":\"https:\\\/\\\/www.urjc2030.es\\\/ui\\\/26-abril-dia-de-la-visibilidad-lesbica\\\/#primaryimage\",\"url\":\"https:\\\/\\\/www.urjc2030.es\\\/ui\\\/wp-content\\\/uploads\\\/sites\\\/10\\\/2023\\\/04\\\/love-g10129c044_1280.jpg\",\"contentUrl\":\"https:\\\/\\\/www.urjc2030.es\\\/ui\\\/wp-content\\\/uploads\\\/sites\\\/10\\\/2023\\\/04\\\/love-g10129c044_1280.jpg\",\"width\":1280,\"height\":1280,\"caption\":\"26 abril d\u00eda de la visibilidad l\u00e9sbica\"},{\"@type\":\"BreadcrumbList\",\"@id\":\"https:\\\/\\\/www.urjc2030.es\\\/ui\\\/26-abril-dia-de-la-visibilidad-lesbica\\\/#breadcrumb\",\"itemListElement\":[{\"@type\":\"ListItem\",\"position\":1,\"name\":\"Portada\",\"item\":\"https:\\\/\\\/www.urjc2030.es\\\/ui\\\/\"},{\"@type\":\"ListItem\",\"position\":2,\"name\":\"26 abril D\u00eda de la Visibilidad L\u00e9sbica\"}]},{\"@type\":\"WebSite\",\"@id\":\"https:\\\/\\\/www.urjc2030.es\\\/ui\\\/#website\",\"url\":\"https:\\\/\\\/www.urjc2030.es\\\/ui\\\/\",\"name\":\"Unidad de Igualdad\",\"description\":\"Elaborar, dar seguimiento y evaluar el Plan de Igualdad de la URJC, as\u00ed como velar por cumplimiento de la legislaci\u00f3n vigente en materia de igualdad efectiva entre mujeres y hombres.\",\"publisher\":{\"@id\":\"https:\\\/\\\/www.urjc2030.es\\\/ui\\\/#organization\"},\"potentialAction\":[{\"@type\":\"SearchAction\",\"target\":{\"@type\":\"EntryPoint\",\"urlTemplate\":\"https:\\\/\\\/www.urjc2030.es\\\/ui\\\/?s={search_term_string}\"},\"query-input\":{\"@type\":\"PropertyValueSpecification\",\"valueRequired\":true,\"valueName\":\"search_term_string\"}}],\"inLanguage\":\"es\"},{\"@type\":\"Organization\",\"@id\":\"https:\\\/\\\/www.urjc2030.es\\\/ui\\\/#organization\",\"name\":\"Universidad Rey Juan Carlos\",\"url\":\"https:\\\/\\\/www.urjc2030.es\\\/ui\\\/\",\"logo\":{\"@type\":\"ImageObject\",\"inLanguage\":\"es\",\"@id\":\"https:\\\/\\\/www.urjc2030.es\\\/ui\\\/#\\\/schema\\\/logo\\\/image\\\/\",\"url\":\"https:\\\/\\\/www.urjc2030.es\\\/ui\\\/wp-content\\\/uploads\\\/sites\\\/10\\\/2020\\\/10\\\/logoURJC.png\",\"contentUrl\":\"https:\\\/\\\/www.urjc2030.es\\\/ui\\\/wp-content\\\/uploads\\\/sites\\\/10\\\/2020\\\/10\\\/logoURJC.png\",\"width\":800,\"height\":305,\"caption\":\"Universidad Rey Juan Carlos\"},\"image\":{\"@id\":\"https:\\\/\\\/www.urjc2030.es\\\/ui\\\/#\\\/schema\\\/logo\\\/image\\\/\"},\"sameAs\":[\"https:\\\/\\\/www.facebook.com\\\/universidadreyjuancarlos\",\"https:\\\/\\\/x.com\\\/urjc\",\"https:\\\/\\\/www.instagram.com\\\/urjc_uni\\\/?hl=es\"]},{\"@type\":\"Person\",\"@id\":\"https:\\\/\\\/www.urjc2030.es\\\/ui\\\/#\\\/schema\\\/person\\\/ddacb9e5abf914ab720a3d13fc047418\",\"name\":\"carlos\",\"image\":{\"@type\":\"ImageObject\",\"inLanguage\":\"es\",\"@id\":\"https:\\\/\\\/secure.gravatar.com\\\/avatar\\\/98e1c0d637a9f3d3cd2be0e49e5387245f96e039452a34f919c9e800cad0f304?s=96&d=mm&r=g\",\"url\":\"https:\\\/\\\/secure.gravatar.com\\\/avatar\\\/98e1c0d637a9f3d3cd2be0e49e5387245f96e039452a34f919c9e800cad0f304?s=96&d=mm&r=g\",\"contentUrl\":\"https:\\\/\\\/secure.gravatar.com\\\/avatar\\\/98e1c0d637a9f3d3cd2be0e49e5387245f96e039452a34f919c9e800cad0f304?s=96&d=mm&r=g\",\"caption\":\"carlos\"},\"url\":\"https:\\\/\\\/www.urjc2030.es\\\/ui\\\/author\\\/carlos\\\/\"}]}<\/script>\n<!-- \/ Yoast SEO plugin. -->","yoast_head_json":{"title":"26 abril D\u00eda de la Visibilidad L\u00e9sbica - Unidad de Igualdad","robots":{"index":"index","follow":"follow","max-snippet":"max-snippet:-1","max-image-preview":"max-image-preview:large","max-video-preview":"max-video-preview:-1"},"canonical":"https:\/\/www.urjc2030.es\/ui\/26-abril-dia-de-la-visibilidad-lesbica\/","og_locale":"es_ES","og_type":"article","og_title":"26 abril D\u00eda de la Visibilidad L\u00e9sbica - Unidad de Igualdad","og_description":"El 26 de abril se celebra en Espa\u00f1a el \u201cD\u00eda de la Visibilidad L\u00e9sbica\u201d. El D\u00eda de la Visibilidad L\u00e9sbica comienza a celebrarse en distintas partes del mundo en el a\u00f1o 2008 con el objetivo de reconocer la lucha por derechos de colectivos, movimientos y personas por las disidencias lesbianas. El motivo de la elecci\u00f3n [&hellip;]","og_url":"https:\/\/www.urjc2030.es\/ui\/26-abril-dia-de-la-visibilidad-lesbica\/","og_site_name":"Unidad de Igualdad","article_publisher":"https:\/\/www.facebook.com\/universidadreyjuancarlos","article_published_time":"2023-04-27T07:57:08+00:00","og_image":[{"width":1280,"height":1280,"url":"https:\/\/www.urjc2030.es\/ui\/wp-content\/uploads\/sites\/10\/2023\/04\/love-g10129c044_1280.jpg","type":"image\/jpeg"}],"author":"carlos","twitter_card":"summary_large_image","twitter_creator":"@urjc","twitter_site":"@urjc","schema":{"@context":"https:\/\/schema.org","@graph":[{"@type":"Article","@id":"https:\/\/www.urjc2030.es\/ui\/26-abril-dia-de-la-visibilidad-lesbica\/#article","isPartOf":{"@id":"https:\/\/www.urjc2030.es\/ui\/26-abril-dia-de-la-visibilidad-lesbica\/"},"author":{"name":"carlos","@id":"https:\/\/www.urjc2030.es\/ui\/#\/schema\/person\/ddacb9e5abf914ab720a3d13fc047418"},"headline":"26 abril D\u00eda de la Visibilidad L\u00e9sbica","datePublished":"2023-04-27T07:57:08+00:00","mainEntityOfPage":{"@id":"https:\/\/www.urjc2030.es\/ui\/26-abril-dia-de-la-visibilidad-lesbica\/"},"wordCount":267,"publisher":{"@id":"https:\/\/www.urjc2030.es\/ui\/#organization"},"image":{"@id":"https:\/\/www.urjc2030.es\/ui\/26-abril-dia-de-la-visibilidad-lesbica\/#primaryimage"},"thumbnailUrl":"https:\/\/www.urjc2030.es\/ui\/wp-content\/uploads\/sites\/10\/2023\/04\/love-g10129c044_1280.jpg","articleSection":["Noticias"],"inLanguage":"es"},{"@type":"WebPage","@id":"https:\/\/www.urjc2030.es\/ui\/26-abril-dia-de-la-visibilidad-lesbica\/","url":"https:\/\/www.urjc2030.es\/ui\/26-abril-dia-de-la-visibilidad-lesbica\/","name":"26 abril D\u00eda de la Visibilidad L\u00e9sbica - Unidad de Igualdad","isPartOf":{"@id":"https:\/\/www.urjc2030.es\/ui\/#website"},"primaryImageOfPage":{"@id":"https:\/\/www.urjc2030.es\/ui\/26-abril-dia-de-la-visibilidad-lesbica\/#primaryimage"},"image":{"@id":"https:\/\/www.urjc2030.es\/ui\/26-abril-dia-de-la-visibilidad-lesbica\/#primaryimage"},"thumbnailUrl":"https:\/\/www.urjc2030.es\/ui\/wp-content\/uploads\/sites\/10\/2023\/04\/love-g10129c044_1280.jpg","datePublished":"2023-04-27T07:57:08+00:00","breadcrumb":{"@id":"https:\/\/www.urjc2030.es\/ui\/26-abril-dia-de-la-visibilidad-lesbica\/#breadcrumb"},"inLanguage":"es","potentialAction":[{"@type":"ReadAction","target":["https:\/\/www.urjc2030.es\/ui\/26-abril-dia-de-la-visibilidad-lesbica\/"]}]},{"@type":"ImageObject","inLanguage":"es","@id":"https:\/\/www.urjc2030.es\/ui\/26-abril-dia-de-la-visibilidad-lesbica\/#primaryimage","url":"https:\/\/www.urjc2030.es\/ui\/wp-content\/uploads\/sites\/10\/2023\/04\/love-g10129c044_1280.jpg","contentUrl":"https:\/\/www.urjc2030.es\/ui\/wp-content\/uploads\/sites\/10\/2023\/04\/love-g10129c044_1280.jpg","width":1280,"height":1280,"caption":"26 abril d\u00eda de la visibilidad l\u00e9sbica"},{"@type":"BreadcrumbList","@id":"https:\/\/www.urjc2030.es\/ui\/26-abril-dia-de-la-visibilidad-lesbica\/#breadcrumb","itemListElement":[{"@type":"ListItem","position":1,"name":"Portada","item":"https:\/\/www.urjc2030.es\/ui\/"},{"@type":"ListItem","position":2,"name":"26 abril D\u00eda de la Visibilidad L\u00e9sbica"}]},{"@type":"WebSite","@id":"https:\/\/www.urjc2030.es\/ui\/#website","url":"https:\/\/www.urjc2030.es\/ui\/","name":"Unidad de Igualdad","description":"Elaborar, dar seguimiento y evaluar el Plan de Igualdad de la URJC, as\u00ed como velar por cumplimiento de la legislaci\u00f3n vigente en materia de igualdad efectiva entre mujeres y hombres.","publisher":{"@id":"https:\/\/www.urjc2030.es\/ui\/#organization"},"potentialAction":[{"@type":"SearchAction","target":{"@type":"EntryPoint","urlTemplate":"https:\/\/www.urjc2030.es\/ui\/?s={search_term_string}"},"query-input":{"@type":"PropertyValueSpecification","valueRequired":true,"valueName":"search_term_string"}}],"inLanguage":"es"},{"@type":"Organization","@id":"https:\/\/www.urjc2030.es\/ui\/#organization","name":"Universidad Rey Juan Carlos","url":"https:\/\/www.urjc2030.es\/ui\/","logo":{"@type":"ImageObject","inLanguage":"es","@id":"https:\/\/www.urjc2030.es\/ui\/#\/schema\/logo\/image\/","url":"https:\/\/www.urjc2030.es\/ui\/wp-content\/uploads\/sites\/10\/2020\/10\/logoURJC.png","contentUrl":"https:\/\/www.urjc2030.es\/ui\/wp-content\/uploads\/sites\/10\/2020\/10\/logoURJC.png","width":800,"height":305,"caption":"Universidad Rey Juan Carlos"},"image":{"@id":"https:\/\/www.urjc2030.es\/ui\/#\/schema\/logo\/image\/"},"sameAs":["https:\/\/www.facebook.com\/universidadreyjuancarlos","https:\/\/x.com\/urjc","https:\/\/www.instagram.com\/urjc_uni\/?hl=es"]},{"@type":"Person","@id":"https:\/\/www.urjc2030.es\/ui\/#\/schema\/person\/ddacb9e5abf914ab720a3d13fc047418","name":"carlos","image":{"@type":"ImageObject","inLanguage":"es","@id":"https:\/\/secure.gravatar.com\/avatar\/98e1c0d637a9f3d3cd2be0e49e5387245f96e039452a34f919c9e800cad0f304?s=96&d=mm&r=g","url":"https:\/\/secure.gravatar.com\/avatar\/98e1c0d637a9f3d3cd2be0e49e5387245f96e039452a34f919c9e800cad0f304?s=96&d=mm&r=g","contentUrl":"https:\/\/secure.gravatar.com\/avatar\/98e1c0d637a9f3d3cd2be0e49e5387245f96e039452a34f919c9e800cad0f304?s=96&d=mm&r=g","caption":"carlos"},"url":"https:\/\/www.urjc2030.es\/ui\/author\/carlos\/"}]}},"_links":{"self":[{"href":"https:\/\/www.urjc2030.es\/ui\/wp-json\/wp\/v2\/posts\/1575","targetHints":{"allow":["GET"]}}],"collection":[{"href":"https:\/\/www.urjc2030.es\/ui\/wp-json\/wp\/v2\/posts"}],"about":[{"href":"https:\/\/www.urjc2030.es\/ui\/wp-json\/wp\/v2\/types\/post"}],"author":[{"embeddable":true,"href":"https:\/\/www.urjc2030.es\/ui\/wp-json\/wp\/v2\/users\/10"}],"replies":[{"embeddable":true,"href":"https:\/\/www.urjc2030.es\/ui\/wp-json\/wp\/v2\/comments?post=1575"}],"version-history":[{"count":1,"href":"https:\/\/www.urjc2030.es\/ui\/wp-json\/wp\/v2\/posts\/1575\/revisions"}],"predecessor-version":[{"id":1577,"href":"https:\/\/www.urjc2030.es\/ui\/wp-json\/wp\/v2\/posts\/1575\/revisions\/1577"}],"wp:featuredmedia":[{"embeddable":true,"href":"https:\/\/www.urjc2030.es\/ui\/wp-json\/wp\/v2\/media\/1576"}],"wp:attachment":[{"href":"https:\/\/www.urjc2030.es\/ui\/wp-json\/wp\/v2\/media?parent=1575"}],"wp:term":[{"taxonomy":"category","embeddable":true,"href":"https:\/\/www.urjc2030.es\/ui\/wp-json\/wp\/v2\/categories?post=1575"},{"taxonomy":"post_tag","embeddable":true,"href":"https:\/\/www.urjc2030.es\/ui\/wp-json\/wp\/v2\/tags?post=1575"}],"curies":[{"name":"wp","href":"https:\/\/api.w.org\/{rel}","templated":true}]}}