{"id":1590,"date":"2023-06-05T07:53:01","date_gmt":"2023-06-05T07:53:01","guid":{"rendered":"https:\/\/www.urjc2030.es\/ui\/?p=1590"},"modified":"2023-06-05T07:53:28","modified_gmt":"2023-06-05T07:53:28","slug":"creacion-de-redes-de-mujeres-emprendedoras-en-la-cadena-de-valor-turistica","status":"publish","type":"post","link":"https:\/\/www.urjc2030.es\/ui\/creacion-de-redes-de-mujeres-emprendedoras-en-la-cadena-de-valor-turistica\/","title":{"rendered":"Creaci\u00f3n de redes de mujeres emprendedoras   en la cadena de valor tur\u00edstica"},"content":{"rendered":"<p><a href=\"https:\/\/www.urjc2030.es\/ui\/wp-content\/uploads\/sites\/10\/2023\/06\/WhatsApp-Image-2023-05-24-at-23.46.40.jpeg\"><img decoding=\"async\" class=\"size-full wp-image-1591 alignright\" src=\"https:\/\/www.urjc2030.es\/ui\/wp-content\/uploads\/sites\/10\/2023\/06\/WhatsApp-Image-2023-05-24-at-23.46.40.jpeg\" alt=\"\" width=\"350\" height=\"auto\" srcset=\"https:\/\/www.urjc2030.es\/ui\/wp-content\/uploads\/sites\/10\/2023\/06\/WhatsApp-Image-2023-05-24-at-23.46.40.jpeg 2016w, https:\/\/www.urjc2030.es\/ui\/wp-content\/uploads\/sites\/10\/2023\/06\/WhatsApp-Image-2023-05-24-at-23.46.40-1280x960.jpeg 1280w, https:\/\/www.urjc2030.es\/ui\/wp-content\/uploads\/sites\/10\/2023\/06\/WhatsApp-Image-2023-05-24-at-23.46.40-980x735.jpeg 980w, https:\/\/www.urjc2030.es\/ui\/wp-content\/uploads\/sites\/10\/2023\/06\/WhatsApp-Image-2023-05-24-at-23.46.40-480x360.jpeg 480w\" sizes=\"(min-width: 0px) and (max-width: 480px) 480px, (min-width: 481px) and (max-width: 980px) 980px, (min-width: 981px) and (max-width: 1280px) 1280px, (min-width: 1281px) 2016px, 100vw\" \/><\/a><\/p>\n<p>Desde la Unidad de Igualdad de la URJC queremos hacernos eco del proyecto \u201cMujeres empoderando mujeres. Creaci\u00f3n de redes de mujeres emprendedoras dentro de la cadena productiva tur\u00edstica de comunidades ind\u00edgenas al norte de Quintana Roo, M\u00e9xico\u201d.<\/p>\n<p>El proyecto fue seleccionado en la IV Convocatoria de proyectos de Cooperaci\u00f3n al Desarrollo, Ciudadan\u00eda Global y Derechos Humanos 2022 de la URJC. Este proyecto se desarrolla en colaboraci\u00f3n con el Centro Integral de Atenci\u00f3n a las Mujeres (CIAM Canc\u00fan) y la Universidad del Caribe (UNICARIBE) en Canc\u00fan.<\/p>\n<p>Una primera fase del proyecto est\u00e1 siendo desarrollada en este momento por las profesoras de la Universidad Rey Juan Carlos <strong><a href=\"https:\/\/gestion2.urjc.es\/pdi\/ver\/ana.munoz\" target=\"_blank\" rel=\"noopener\">Ana Isabel Mu\u00f1oz<\/a><\/strong>, <strong><a href=\"https:\/\/gestion2.urjc.es\/pdi\/ver\/laura.fuentes)\" target=\"_blank\" rel=\"noopener\">Laura Fuentes<\/a><\/strong> y <strong><a href=\"https:\/\/gestion2.urjc.es\/pdi\/ver\/teresa.villace\" target=\"_blank\" rel=\"noopener\">Teresa Villac\u00e9<\/a><\/strong> en M\u00e9xico, en colaboraci\u00f3n con SEDETUR (Secretar\u00eda de Turismo de Quintana Roo, M\u00e9xico). Esta primera fase consiste en una visita de casos de \u00e9xito de agrupaciones de mujeres artesanas textiles que est\u00e1n integradas en la cadena productiva tur\u00edstica en XPichil (Sur de Quintana Roo).<\/p>\n<p>La segunda fase del proyecto contar\u00e1 con alumnas voluntarias seleccionadas y tendr\u00e1 lugar en el norte de Quintana Roo. Esta segunda fase consistir\u00e1 en una serie de talleres de empoderamiento de la mujer ind\u00edgena para que comiencen sus proyectos y los integren a la cadena de valor del turismo en esa zona.<\/p>\n<p><strong><em>Sara Gallardo Guijarro<\/em><\/strong><\/p>\n<p>&nbsp;<\/p>\n","protected":false},"excerpt":{"rendered":"<p>Desde la Unidad de Igualdad de la URJC queremos hacernos eco del proyecto \u201cMujeres empoderando mujeres. Creaci\u00f3n de redes de mujeres emprendedoras dentro de la cadena productiva tur\u00edstica de comunidades ind\u00edgenas al norte de Quintana Roo, M\u00e9xico\u201d. El proyecto fue seleccionado en la IV Convocatoria de proyectos de Cooperaci\u00f3n al Desarrollo, Ciudadan\u00eda Global y Derechos [&hellip;]<\/p>\n","protected":false},"author":10,"featured_media":1591,"comment_status":"closed","ping_status":"closed","sticky":false,"template":"","format":"standard","meta":{"_et_pb_use_builder":"","_et_pb_old_content":"","_et_gb_content_width":"","cybocfi_hide_featured_image":"","footnotes":""},"categories":[9],"tags":[],"class_list":["post-1590","post","type-post","status-publish","format-standard","has-post-thumbnail","hentry","category-noticias-ui"],"yoast_head":"<!-- This site is optimized with the Yoast SEO plugin v27.5 - https:\/\/yoast.com\/product\/yoast-seo-wordpress\/ -->\n<title>Creaci\u00f3n de redes de mujeres emprendedoras  en la cadena de valor tur\u00edstica - Unidad de Igualdad<\/title>\n<meta name=\"robots\" content=\"index, follow, max-snippet:-1, max-image-preview:large, max-video-preview:-1\" \/>\n<link rel=\"canonical\" href=\"https:\/\/www.urjc2030.es\/ui\/creacion-de-redes-de-mujeres-emprendedoras-en-la-cadena-de-valor-turistica\/\" \/>\n<meta property=\"og:locale\" content=\"es_ES\" \/>\n<meta property=\"og:type\" content=\"article\" \/>\n<meta property=\"og:title\" content=\"Creaci\u00f3n de redes de mujeres emprendedoras  en la cadena de valor tur\u00edstica - Unidad de Igualdad\" \/>\n<meta property=\"og:description\" content=\"Desde la Unidad de Igualdad de la URJC queremos hacernos eco del proyecto \u201cMujeres empoderando mujeres. Creaci\u00f3n de redes de mujeres emprendedoras dentro de la cadena productiva tur\u00edstica de comunidades ind\u00edgenas al norte de Quintana Roo, M\u00e9xico\u201d. El proyecto fue seleccionado en la IV Convocatoria de proyectos de Cooperaci\u00f3n al Desarrollo, Ciudadan\u00eda Global y Derechos [&hellip;]\" \/>\n<meta property=\"og:url\" content=\"https:\/\/www.urjc2030.es\/ui\/creacion-de-redes-de-mujeres-emprendedoras-en-la-cadena-de-valor-turistica\/\" \/>\n<meta property=\"og:site_name\" content=\"Unidad de Igualdad\" \/>\n<meta property=\"article:publisher\" content=\"https:\/\/www.facebook.com\/universidadreyjuancarlos\" \/>\n<meta property=\"article:published_time\" content=\"2023-06-05T07:53:01+00:00\" \/>\n<meta property=\"article:modified_time\" content=\"2023-06-05T07:53:28+00:00\" \/>\n<meta property=\"og:image\" content=\"https:\/\/www.urjc2030.es\/ui\/wp-content\/uploads\/sites\/10\/2023\/06\/WhatsApp-Image-2023-05-24-at-23.46.40.jpeg\" \/>\n\t<meta property=\"og:image:width\" content=\"2016\" \/>\n\t<meta property=\"og:image:height\" content=\"1512\" \/>\n\t<meta property=\"og:image:type\" content=\"image\/jpeg\" \/>\n<meta name=\"author\" content=\"carlos\" \/>\n<meta name=\"twitter:card\" content=\"summary_large_image\" \/>\n<meta name=\"twitter:creator\" content=\"@urjc\" \/>\n<meta name=\"twitter:site\" content=\"@urjc\" \/>\n<script type=\"application\/ld+json\" class=\"yoast-schema-graph\">{\"@context\":\"https:\\\/\\\/schema.org\",\"@graph\":[{\"@type\":\"Article\",\"@id\":\"https:\\\/\\\/www.urjc2030.es\\\/ui\\\/creacion-de-redes-de-mujeres-emprendedoras-en-la-cadena-de-valor-turistica\\\/#article\",\"isPartOf\":{\"@id\":\"https:\\\/\\\/www.urjc2030.es\\\/ui\\\/creacion-de-redes-de-mujeres-emprendedoras-en-la-cadena-de-valor-turistica\\\/\"},\"author\":{\"name\":\"carlos\",\"@id\":\"https:\\\/\\\/www.urjc2030.es\\\/ui\\\/#\\\/schema\\\/person\\\/ddacb9e5abf914ab720a3d13fc047418\"},\"headline\":\"Creaci\u00f3n de redes de mujeres emprendedoras en la cadena de valor tur\u00edstica\",\"datePublished\":\"2023-06-05T07:53:01+00:00\",\"dateModified\":\"2023-06-05T07:53:28+00:00\",\"mainEntityOfPage\":{\"@id\":\"https:\\\/\\\/www.urjc2030.es\\\/ui\\\/creacion-de-redes-de-mujeres-emprendedoras-en-la-cadena-de-valor-turistica\\\/\"},\"wordCount\":244,\"publisher\":{\"@id\":\"https:\\\/\\\/www.urjc2030.es\\\/ui\\\/#organization\"},\"image\":{\"@id\":\"https:\\\/\\\/www.urjc2030.es\\\/ui\\\/creacion-de-redes-de-mujeres-emprendedoras-en-la-cadena-de-valor-turistica\\\/#primaryimage\"},\"thumbnailUrl\":\"https:\\\/\\\/www.urjc2030.es\\\/ui\\\/wp-content\\\/uploads\\\/sites\\\/10\\\/2023\\\/06\\\/WhatsApp-Image-2023-05-24-at-23.46.40.jpeg\",\"articleSection\":[\"Noticias\"],\"inLanguage\":\"es\"},{\"@type\":\"WebPage\",\"@id\":\"https:\\\/\\\/www.urjc2030.es\\\/ui\\\/creacion-de-redes-de-mujeres-emprendedoras-en-la-cadena-de-valor-turistica\\\/\",\"url\":\"https:\\\/\\\/www.urjc2030.es\\\/ui\\\/creacion-de-redes-de-mujeres-emprendedoras-en-la-cadena-de-valor-turistica\\\/\",\"name\":\"Creaci\u00f3n de redes de mujeres emprendedoras en la cadena de valor tur\u00edstica - Unidad de Igualdad\",\"isPartOf\":{\"@id\":\"https:\\\/\\\/www.urjc2030.es\\\/ui\\\/#website\"},\"primaryImageOfPage\":{\"@id\":\"https:\\\/\\\/www.urjc2030.es\\\/ui\\\/creacion-de-redes-de-mujeres-emprendedoras-en-la-cadena-de-valor-turistica\\\/#primaryimage\"},\"image\":{\"@id\":\"https:\\\/\\\/www.urjc2030.es\\\/ui\\\/creacion-de-redes-de-mujeres-emprendedoras-en-la-cadena-de-valor-turistica\\\/#primaryimage\"},\"thumbnailUrl\":\"https:\\\/\\\/www.urjc2030.es\\\/ui\\\/wp-content\\\/uploads\\\/sites\\\/10\\\/2023\\\/06\\\/WhatsApp-Image-2023-05-24-at-23.46.40.jpeg\",\"datePublished\":\"2023-06-05T07:53:01+00:00\",\"dateModified\":\"2023-06-05T07:53:28+00:00\",\"breadcrumb\":{\"@id\":\"https:\\\/\\\/www.urjc2030.es\\\/ui\\\/creacion-de-redes-de-mujeres-emprendedoras-en-la-cadena-de-valor-turistica\\\/#breadcrumb\"},\"inLanguage\":\"es\",\"potentialAction\":[{\"@type\":\"ReadAction\",\"target\":[\"https:\\\/\\\/www.urjc2030.es\\\/ui\\\/creacion-de-redes-de-mujeres-emprendedoras-en-la-cadena-de-valor-turistica\\\/\"]}]},{\"@type\":\"ImageObject\",\"inLanguage\":\"es\",\"@id\":\"https:\\\/\\\/www.urjc2030.es\\\/ui\\\/creacion-de-redes-de-mujeres-emprendedoras-en-la-cadena-de-valor-turistica\\\/#primaryimage\",\"url\":\"https:\\\/\\\/www.urjc2030.es\\\/ui\\\/wp-content\\\/uploads\\\/sites\\\/10\\\/2023\\\/06\\\/WhatsApp-Image-2023-05-24-at-23.46.40.jpeg\",\"contentUrl\":\"https:\\\/\\\/www.urjc2030.es\\\/ui\\\/wp-content\\\/uploads\\\/sites\\\/10\\\/2023\\\/06\\\/WhatsApp-Image-2023-05-24-at-23.46.40.jpeg\",\"width\":2016,\"height\":1512,\"caption\":\"noticia mujer\"},{\"@type\":\"BreadcrumbList\",\"@id\":\"https:\\\/\\\/www.urjc2030.es\\\/ui\\\/creacion-de-redes-de-mujeres-emprendedoras-en-la-cadena-de-valor-turistica\\\/#breadcrumb\",\"itemListElement\":[{\"@type\":\"ListItem\",\"position\":1,\"name\":\"Portada\",\"item\":\"https:\\\/\\\/www.urjc2030.es\\\/ui\\\/\"},{\"@type\":\"ListItem\",\"position\":2,\"name\":\"Creaci\u00f3n de redes de mujeres emprendedoras en la cadena de valor tur\u00edstica\"}]},{\"@type\":\"WebSite\",\"@id\":\"https:\\\/\\\/www.urjc2030.es\\\/ui\\\/#website\",\"url\":\"https:\\\/\\\/www.urjc2030.es\\\/ui\\\/\",\"name\":\"Unidad de Igualdad\",\"description\":\"Elaborar, dar seguimiento y evaluar el Plan de Igualdad de la URJC, as\u00ed como velar por cumplimiento de la legislaci\u00f3n vigente en materia de igualdad efectiva entre mujeres y hombres.\",\"publisher\":{\"@id\":\"https:\\\/\\\/www.urjc2030.es\\\/ui\\\/#organization\"},\"potentialAction\":[{\"@type\":\"SearchAction\",\"target\":{\"@type\":\"EntryPoint\",\"urlTemplate\":\"https:\\\/\\\/www.urjc2030.es\\\/ui\\\/?s={search_term_string}\"},\"query-input\":{\"@type\":\"PropertyValueSpecification\",\"valueRequired\":true,\"valueName\":\"search_term_string\"}}],\"inLanguage\":\"es\"},{\"@type\":\"Organization\",\"@id\":\"https:\\\/\\\/www.urjc2030.es\\\/ui\\\/#organization\",\"name\":\"Universidad Rey Juan Carlos\",\"url\":\"https:\\\/\\\/www.urjc2030.es\\\/ui\\\/\",\"logo\":{\"@type\":\"ImageObject\",\"inLanguage\":\"es\",\"@id\":\"https:\\\/\\\/www.urjc2030.es\\\/ui\\\/#\\\/schema\\\/logo\\\/image\\\/\",\"url\":\"https:\\\/\\\/www.urjc2030.es\\\/ui\\\/wp-content\\\/uploads\\\/sites\\\/10\\\/2020\\\/10\\\/logoURJC.png\",\"contentUrl\":\"https:\\\/\\\/www.urjc2030.es\\\/ui\\\/wp-content\\\/uploads\\\/sites\\\/10\\\/2020\\\/10\\\/logoURJC.png\",\"width\":800,\"height\":305,\"caption\":\"Universidad Rey Juan Carlos\"},\"image\":{\"@id\":\"https:\\\/\\\/www.urjc2030.es\\\/ui\\\/#\\\/schema\\\/logo\\\/image\\\/\"},\"sameAs\":[\"https:\\\/\\\/www.facebook.com\\\/universidadreyjuancarlos\",\"https:\\\/\\\/x.com\\\/urjc\",\"https:\\\/\\\/www.instagram.com\\\/urjc_uni\\\/?hl=es\"]},{\"@type\":\"Person\",\"@id\":\"https:\\\/\\\/www.urjc2030.es\\\/ui\\\/#\\\/schema\\\/person\\\/ddacb9e5abf914ab720a3d13fc047418\",\"name\":\"carlos\",\"image\":{\"@type\":\"ImageObject\",\"inLanguage\":\"es\",\"@id\":\"https:\\\/\\\/secure.gravatar.com\\\/avatar\\\/98e1c0d637a9f3d3cd2be0e49e5387245f96e039452a34f919c9e800cad0f304?s=96&d=mm&r=g\",\"url\":\"https:\\\/\\\/secure.gravatar.com\\\/avatar\\\/98e1c0d637a9f3d3cd2be0e49e5387245f96e039452a34f919c9e800cad0f304?s=96&d=mm&r=g\",\"contentUrl\":\"https:\\\/\\\/secure.gravatar.com\\\/avatar\\\/98e1c0d637a9f3d3cd2be0e49e5387245f96e039452a34f919c9e800cad0f304?s=96&d=mm&r=g\",\"caption\":\"carlos\"},\"url\":\"https:\\\/\\\/www.urjc2030.es\\\/ui\\\/author\\\/carlos\\\/\"}]}<\/script>\n<!-- \/ Yoast SEO plugin. -->","yoast_head_json":{"title":"Creaci\u00f3n de redes de mujeres emprendedoras  en la cadena de valor tur\u00edstica - Unidad de Igualdad","robots":{"index":"index","follow":"follow","max-snippet":"max-snippet:-1","max-image-preview":"max-image-preview:large","max-video-preview":"max-video-preview:-1"},"canonical":"https:\/\/www.urjc2030.es\/ui\/creacion-de-redes-de-mujeres-emprendedoras-en-la-cadena-de-valor-turistica\/","og_locale":"es_ES","og_type":"article","og_title":"Creaci\u00f3n de redes de mujeres emprendedoras  en la cadena de valor tur\u00edstica - Unidad de Igualdad","og_description":"Desde la Unidad de Igualdad de la URJC queremos hacernos eco del proyecto \u201cMujeres empoderando mujeres. Creaci\u00f3n de redes de mujeres emprendedoras dentro de la cadena productiva tur\u00edstica de comunidades ind\u00edgenas al norte de Quintana Roo, M\u00e9xico\u201d. El proyecto fue seleccionado en la IV Convocatoria de proyectos de Cooperaci\u00f3n al Desarrollo, Ciudadan\u00eda Global y Derechos [&hellip;]","og_url":"https:\/\/www.urjc2030.es\/ui\/creacion-de-redes-de-mujeres-emprendedoras-en-la-cadena-de-valor-turistica\/","og_site_name":"Unidad de Igualdad","article_publisher":"https:\/\/www.facebook.com\/universidadreyjuancarlos","article_published_time":"2023-06-05T07:53:01+00:00","article_modified_time":"2023-06-05T07:53:28+00:00","og_image":[{"width":2016,"height":1512,"url":"https:\/\/www.urjc2030.es\/ui\/wp-content\/uploads\/sites\/10\/2023\/06\/WhatsApp-Image-2023-05-24-at-23.46.40.jpeg","type":"image\/jpeg"}],"author":"carlos","twitter_card":"summary_large_image","twitter_creator":"@urjc","twitter_site":"@urjc","schema":{"@context":"https:\/\/schema.org","@graph":[{"@type":"Article","@id":"https:\/\/www.urjc2030.es\/ui\/creacion-de-redes-de-mujeres-emprendedoras-en-la-cadena-de-valor-turistica\/#article","isPartOf":{"@id":"https:\/\/www.urjc2030.es\/ui\/creacion-de-redes-de-mujeres-emprendedoras-en-la-cadena-de-valor-turistica\/"},"author":{"name":"carlos","@id":"https:\/\/www.urjc2030.es\/ui\/#\/schema\/person\/ddacb9e5abf914ab720a3d13fc047418"},"headline":"Creaci\u00f3n de redes de mujeres emprendedoras en la cadena de valor tur\u00edstica","datePublished":"2023-06-05T07:53:01+00:00","dateModified":"2023-06-05T07:53:28+00:00","mainEntityOfPage":{"@id":"https:\/\/www.urjc2030.es\/ui\/creacion-de-redes-de-mujeres-emprendedoras-en-la-cadena-de-valor-turistica\/"},"wordCount":244,"publisher":{"@id":"https:\/\/www.urjc2030.es\/ui\/#organization"},"image":{"@id":"https:\/\/www.urjc2030.es\/ui\/creacion-de-redes-de-mujeres-emprendedoras-en-la-cadena-de-valor-turistica\/#primaryimage"},"thumbnailUrl":"https:\/\/www.urjc2030.es\/ui\/wp-content\/uploads\/sites\/10\/2023\/06\/WhatsApp-Image-2023-05-24-at-23.46.40.jpeg","articleSection":["Noticias"],"inLanguage":"es"},{"@type":"WebPage","@id":"https:\/\/www.urjc2030.es\/ui\/creacion-de-redes-de-mujeres-emprendedoras-en-la-cadena-de-valor-turistica\/","url":"https:\/\/www.urjc2030.es\/ui\/creacion-de-redes-de-mujeres-emprendedoras-en-la-cadena-de-valor-turistica\/","name":"Creaci\u00f3n de redes de mujeres emprendedoras en la cadena de valor tur\u00edstica - Unidad de Igualdad","isPartOf":{"@id":"https:\/\/www.urjc2030.es\/ui\/#website"},"primaryImageOfPage":{"@id":"https:\/\/www.urjc2030.es\/ui\/creacion-de-redes-de-mujeres-emprendedoras-en-la-cadena-de-valor-turistica\/#primaryimage"},"image":{"@id":"https:\/\/www.urjc2030.es\/ui\/creacion-de-redes-de-mujeres-emprendedoras-en-la-cadena-de-valor-turistica\/#primaryimage"},"thumbnailUrl":"https:\/\/www.urjc2030.es\/ui\/wp-content\/uploads\/sites\/10\/2023\/06\/WhatsApp-Image-2023-05-24-at-23.46.40.jpeg","datePublished":"2023-06-05T07:53:01+00:00","dateModified":"2023-06-05T07:53:28+00:00","breadcrumb":{"@id":"https:\/\/www.urjc2030.es\/ui\/creacion-de-redes-de-mujeres-emprendedoras-en-la-cadena-de-valor-turistica\/#breadcrumb"},"inLanguage":"es","potentialAction":[{"@type":"ReadAction","target":["https:\/\/www.urjc2030.es\/ui\/creacion-de-redes-de-mujeres-emprendedoras-en-la-cadena-de-valor-turistica\/"]}]},{"@type":"ImageObject","inLanguage":"es","@id":"https:\/\/www.urjc2030.es\/ui\/creacion-de-redes-de-mujeres-emprendedoras-en-la-cadena-de-valor-turistica\/#primaryimage","url":"https:\/\/www.urjc2030.es\/ui\/wp-content\/uploads\/sites\/10\/2023\/06\/WhatsApp-Image-2023-05-24-at-23.46.40.jpeg","contentUrl":"https:\/\/www.urjc2030.es\/ui\/wp-content\/uploads\/sites\/10\/2023\/06\/WhatsApp-Image-2023-05-24-at-23.46.40.jpeg","width":2016,"height":1512,"caption":"noticia mujer"},{"@type":"BreadcrumbList","@id":"https:\/\/www.urjc2030.es\/ui\/creacion-de-redes-de-mujeres-emprendedoras-en-la-cadena-de-valor-turistica\/#breadcrumb","itemListElement":[{"@type":"ListItem","position":1,"name":"Portada","item":"https:\/\/www.urjc2030.es\/ui\/"},{"@type":"ListItem","position":2,"name":"Creaci\u00f3n de redes de mujeres emprendedoras en la cadena de valor tur\u00edstica"}]},{"@type":"WebSite","@id":"https:\/\/www.urjc2030.es\/ui\/#website","url":"https:\/\/www.urjc2030.es\/ui\/","name":"Unidad de Igualdad","description":"Elaborar, dar seguimiento y evaluar el Plan de Igualdad de la URJC, as\u00ed como velar por cumplimiento de la legislaci\u00f3n vigente en materia de igualdad efectiva entre mujeres y hombres.","publisher":{"@id":"https:\/\/www.urjc2030.es\/ui\/#organization"},"potentialAction":[{"@type":"SearchAction","target":{"@type":"EntryPoint","urlTemplate":"https:\/\/www.urjc2030.es\/ui\/?s={search_term_string}"},"query-input":{"@type":"PropertyValueSpecification","valueRequired":true,"valueName":"search_term_string"}}],"inLanguage":"es"},{"@type":"Organization","@id":"https:\/\/www.urjc2030.es\/ui\/#organization","name":"Universidad Rey Juan Carlos","url":"https:\/\/www.urjc2030.es\/ui\/","logo":{"@type":"ImageObject","inLanguage":"es","@id":"https:\/\/www.urjc2030.es\/ui\/#\/schema\/logo\/image\/","url":"https:\/\/www.urjc2030.es\/ui\/wp-content\/uploads\/sites\/10\/2020\/10\/logoURJC.png","contentUrl":"https:\/\/www.urjc2030.es\/ui\/wp-content\/uploads\/sites\/10\/2020\/10\/logoURJC.png","width":800,"height":305,"caption":"Universidad Rey Juan Carlos"},"image":{"@id":"https:\/\/www.urjc2030.es\/ui\/#\/schema\/logo\/image\/"},"sameAs":["https:\/\/www.facebook.com\/universidadreyjuancarlos","https:\/\/x.com\/urjc","https:\/\/www.instagram.com\/urjc_uni\/?hl=es"]},{"@type":"Person","@id":"https:\/\/www.urjc2030.es\/ui\/#\/schema\/person\/ddacb9e5abf914ab720a3d13fc047418","name":"carlos","image":{"@type":"ImageObject","inLanguage":"es","@id":"https:\/\/secure.gravatar.com\/avatar\/98e1c0d637a9f3d3cd2be0e49e5387245f96e039452a34f919c9e800cad0f304?s=96&d=mm&r=g","url":"https:\/\/secure.gravatar.com\/avatar\/98e1c0d637a9f3d3cd2be0e49e5387245f96e039452a34f919c9e800cad0f304?s=96&d=mm&r=g","contentUrl":"https:\/\/secure.gravatar.com\/avatar\/98e1c0d637a9f3d3cd2be0e49e5387245f96e039452a34f919c9e800cad0f304?s=96&d=mm&r=g","caption":"carlos"},"url":"https:\/\/www.urjc2030.es\/ui\/author\/carlos\/"}]}},"_links":{"self":[{"href":"https:\/\/www.urjc2030.es\/ui\/wp-json\/wp\/v2\/posts\/1590","targetHints":{"allow":["GET"]}}],"collection":[{"href":"https:\/\/www.urjc2030.es\/ui\/wp-json\/wp\/v2\/posts"}],"about":[{"href":"https:\/\/www.urjc2030.es\/ui\/wp-json\/wp\/v2\/types\/post"}],"author":[{"embeddable":true,"href":"https:\/\/www.urjc2030.es\/ui\/wp-json\/wp\/v2\/users\/10"}],"replies":[{"embeddable":true,"href":"https:\/\/www.urjc2030.es\/ui\/wp-json\/wp\/v2\/comments?post=1590"}],"version-history":[{"count":2,"href":"https:\/\/www.urjc2030.es\/ui\/wp-json\/wp\/v2\/posts\/1590\/revisions"}],"predecessor-version":[{"id":1593,"href":"https:\/\/www.urjc2030.es\/ui\/wp-json\/wp\/v2\/posts\/1590\/revisions\/1593"}],"wp:featuredmedia":[{"embeddable":true,"href":"https:\/\/www.urjc2030.es\/ui\/wp-json\/wp\/v2\/media\/1591"}],"wp:attachment":[{"href":"https:\/\/www.urjc2030.es\/ui\/wp-json\/wp\/v2\/media?parent=1590"}],"wp:term":[{"taxonomy":"category","embeddable":true,"href":"https:\/\/www.urjc2030.es\/ui\/wp-json\/wp\/v2\/categories?post=1590"},{"taxonomy":"post_tag","embeddable":true,"href":"https:\/\/www.urjc2030.es\/ui\/wp-json\/wp\/v2\/tags?post=1590"}],"curies":[{"name":"wp","href":"https:\/\/api.w.org\/{rel}","templated":true}]}}