{"id":1673,"date":"2023-12-19T07:54:16","date_gmt":"2023-12-19T07:54:16","guid":{"rendered":"https:\/\/www.urjc2030.es\/ui\/?p=1673"},"modified":"2024-12-02T10:19:19","modified_gmt":"2024-12-02T10:19:19","slug":"i-edicion-de-los-premios-gloria-fuertes-urjc-a-trabajos-fin-de-grado-fin-de-master-y-tesis-doctorales-relacionadas-con-estudios-con-perspectiva-de-genero-diversidad-sexual-y-por-procedencia","status":"publish","type":"post","link":"https:\/\/www.urjc2030.es\/ui\/i-edicion-de-los-premios-gloria-fuertes-urjc-a-trabajos-fin-de-grado-fin-de-master-y-tesis-doctorales-relacionadas-con-estudios-con-perspectiva-de-genero-diversidad-sexual-y-por-procedencia\/","title":{"rendered":"I Edici\u00f3n de los \u00abPREMIOS GLORIA FUERTES-URJC\u00bb a Trabajos Fin de Grado, Fin de M\u00e1ster y Tesis Doctorales relacionadas con estudios con perspectiva de g\u00e9nero, diversidad sexual y por procedencia de la Universidad Rey Juan Carlos"},"content":{"rendered":"<ul>\n<li class=\"list-group-item\"><strong><a href=\"https:\/\/www.urjc2030.es\/prus\/wp-content\/uploads\/sites\/11\/2023\/12\/Dipticos-RSU_3.jpg\"><img loading=\"lazy\" decoding=\"async\" class=\"size-medium wp-image-2862 alignright\" src=\"https:\/\/www.urjc2030.es\/prus\/wp-content\/uploads\/sites\/11\/2023\/12\/Dipticos-RSU_3-300x188.jpg\" alt=\"Dipticos RSU_3\" width=\"300\" height=\"188\" \/><\/a>Beneficiarios:<\/strong><strong> Estudiantes URJC<\/strong><\/li>\n<li class=\"list-group-item\"><strong>Descripci\u00f3n:<\/strong>\u00a0Resoluci\u00f3n del Rector de la Universidad Rey Juan Carlos por la que se aprueba y se hace p\u00fablica la convocatoria de la I Edici\u00f3n de los \u201cPremios Gloria Fuertes \u2013 URJC\u201d<\/li>\n<li class=\"list-group-item\"><strong>Objeto:<\/strong>\u00a0La presente convocatoria tiene como objeto incentivar e impulsar en la URJC el conocimiento y la comprensi\u00f3n de la Agenda 2030 y sus ODS trabajando con ella y contribuyendo a ella, fomentando entre el estudiantado el pensamiento cr\u00edtico, creativo y cooperativo, y la difusi\u00f3n de los ODS a trav\u00e9s de Trabajos Fin de Grado (TFG), Trabajos Fin de M\u00e1ster (TFM) y Tesis Doctorales. Para ello, se proceder\u00e1, en r\u00e9gimen de concurrencia competitiva, a la concesi\u00f3n de premios a estudiantes de grado, m\u00e1ster y doctorado cuyos trabajos (TFG, TFM y Tesis Doctorales) que aborden contenidos relativos a la igualdad de g\u00e9nero, la diversidad sexual y de g\u00e9nero, la diversidad socio-cultural y por procedencia, en cualquiera de los \u00e1mbitos de conocimiento recogidos en el anexo I del R.D. 822\/2021, de 28 de septiembre, por el que se establece la organizaci\u00f3n de las ense\u00f1anzas universitarias y del procedimiento de aseguramiento de su calidad.<\/li>\n<\/ul>\n<p>Link inscripci\u00f3n:\u00a0\u00a0 <strong><a href=\"https:\/\/sede.urjc.es\/convocatorias\" target=\"_blank\" rel=\"noopener\">https:\/\/sede.urjc.es\/convocatorias<\/a><\/strong><\/p>\n<p>Ya se puede consultar en el Tabl\u00f3n de la Sede electr\u00f3nica la <strong>RESOLUCI\u00d3N DEL RECTOR DE LA UNIVERSIDAD REY JUAN CARLOS, POR LA QUE SE HACE P\u00daBLICO EL LISTADO DEFINITIVO DE PREMIADOS DE LA I EDICI\u00d3N DE LOS \u201cPREMIOS GLORIA FUERTES \u2013 URJC\u201d A TRABAJOS FIN DE GRADO, FIN DE M\u00c1STER Y TESIS DOCTORALES RELACIONADAS CON ESTUDIOS CON PERSPECTIVA DE G\u00c9NERO, DIVERSIDAD SEXUAL Y POR PROCEDENCIA DE LA UNIVERSIDAD REY JUAN CARLOS. <a href=\"https:\/\/www.urjc2030.es\/ui\/wp-content\/uploads\/sites\/10\/2024\/12\/Resolucion_LISTADODEFINITIVO_PREMIADOS.pdf\" target=\"_blank\" rel=\"noopener\"><span style=\"text-decoration: underline;\">Pincha aqu\u00ed<\/span><\/a><\/strong><\/p>\n","protected":false},"excerpt":{"rendered":"<p>Beneficiarios: Estudiantes URJC Descripci\u00f3n:\u00a0Resoluci\u00f3n del Rector de la Universidad Rey Juan Carlos por la que se aprueba y se hace p\u00fablica la convocatoria de la I Edici\u00f3n de los \u201cPremios Gloria Fuertes \u2013 URJC\u201d Objeto:\u00a0La presente convocatoria tiene como objeto incentivar e impulsar en la URJC el conocimiento y la comprensi\u00f3n de la Agenda 2030 [&hellip;]<\/p>\n","protected":false},"author":10,"featured_media":1670,"comment_status":"closed","ping_status":"closed","sticky":false,"template":"","format":"standard","meta":{"_et_pb_use_builder":"","_et_pb_old_content":"","_et_gb_content_width":"","cybocfi_hide_featured_image":"","footnotes":""},"categories":[10],"tags":[],"class_list":["post-1673","post","type-post","status-publish","format-standard","has-post-thumbnail","hentry","category-agenda-ui"],"yoast_head":"<!-- This site is optimized with the Yoast SEO plugin v27.5 - https:\/\/yoast.com\/product\/yoast-seo-wordpress\/ -->\n<title>I Edici\u00f3n de los &quot;PREMIOS GLORIA FUERTES-URJC&quot; a Trabajos Fin de Grado, Fin de M\u00e1ster y Tesis Doctorales relacionadas con estudios con perspectiva de g\u00e9nero, diversidad sexual y por procedencia de la Universidad Rey Juan Carlos - Unidad de Igualdad<\/title>\n<meta name=\"robots\" content=\"index, follow, max-snippet:-1, max-image-preview:large, max-video-preview:-1\" \/>\n<link rel=\"canonical\" href=\"https:\/\/www.urjc2030.es\/ui\/i-edicion-de-los-premios-gloria-fuertes-urjc-a-trabajos-fin-de-grado-fin-de-master-y-tesis-doctorales-relacionadas-con-estudios-con-perspectiva-de-genero-diversidad-sexual-y-por-procedencia\/\" \/>\n<meta property=\"og:locale\" content=\"es_ES\" \/>\n<meta property=\"og:type\" content=\"article\" \/>\n<meta property=\"og:title\" content=\"I Edici\u00f3n de los &quot;PREMIOS GLORIA FUERTES-URJC&quot; a Trabajos Fin de Grado, Fin de M\u00e1ster y Tesis Doctorales relacionadas con estudios con perspectiva de g\u00e9nero, diversidad sexual y por procedencia de la Universidad Rey Juan Carlos - Unidad de Igualdad\" \/>\n<meta property=\"og:description\" content=\"Beneficiarios: Estudiantes URJC Descripci\u00f3n:\u00a0Resoluci\u00f3n del Rector de la Universidad Rey Juan Carlos por la que se aprueba y se hace p\u00fablica la convocatoria de la I Edici\u00f3n de los \u201cPremios Gloria Fuertes \u2013 URJC\u201d Objeto:\u00a0La presente convocatoria tiene como objeto incentivar e impulsar en la URJC el conocimiento y la comprensi\u00f3n de la Agenda 2030 [&hellip;]\" \/>\n<meta property=\"og:url\" content=\"https:\/\/www.urjc2030.es\/ui\/i-edicion-de-los-premios-gloria-fuertes-urjc-a-trabajos-fin-de-grado-fin-de-master-y-tesis-doctorales-relacionadas-con-estudios-con-perspectiva-de-genero-diversidad-sexual-y-por-procedencia\/\" \/>\n<meta property=\"og:site_name\" content=\"Unidad de Igualdad\" \/>\n<meta property=\"article:publisher\" content=\"https:\/\/www.facebook.com\/universidadreyjuancarlos\" \/>\n<meta property=\"article:published_time\" content=\"2023-12-19T07:54:16+00:00\" \/>\n<meta property=\"article:modified_time\" content=\"2024-12-02T10:19:19+00:00\" \/>\n<meta property=\"og:image\" content=\"https:\/\/www.urjc2030.es\/ui\/wp-content\/uploads\/sites\/10\/2023\/12\/Dipticos-RSU_3.jpg\" \/>\n\t<meta property=\"og:image:width\" content=\"1097\" \/>\n\t<meta property=\"og:image:height\" content=\"689\" \/>\n\t<meta property=\"og:image:type\" content=\"image\/jpeg\" \/>\n<meta name=\"author\" content=\"carlos\" \/>\n<meta name=\"twitter:card\" content=\"summary_large_image\" \/>\n<meta name=\"twitter:creator\" content=\"@urjc\" \/>\n<meta name=\"twitter:site\" content=\"@urjc\" \/>\n<script type=\"application\/ld+json\" class=\"yoast-schema-graph\">{\"@context\":\"https:\\\/\\\/schema.org\",\"@graph\":[{\"@type\":\"Article\",\"@id\":\"https:\\\/\\\/www.urjc2030.es\\\/ui\\\/i-edicion-de-los-premios-gloria-fuertes-urjc-a-trabajos-fin-de-grado-fin-de-master-y-tesis-doctorales-relacionadas-con-estudios-con-perspectiva-de-genero-diversidad-sexual-y-por-procedencia\\\/#article\",\"isPartOf\":{\"@id\":\"https:\\\/\\\/www.urjc2030.es\\\/ui\\\/i-edicion-de-los-premios-gloria-fuertes-urjc-a-trabajos-fin-de-grado-fin-de-master-y-tesis-doctorales-relacionadas-con-estudios-con-perspectiva-de-genero-diversidad-sexual-y-por-procedencia\\\/\"},\"author\":{\"name\":\"carlos\",\"@id\":\"https:\\\/\\\/www.urjc2030.es\\\/ui\\\/#\\\/schema\\\/person\\\/ddacb9e5abf914ab720a3d13fc047418\"},\"headline\":\"I Edici\u00f3n de los \u00abPREMIOS GLORIA FUERTES-URJC\u00bb a Trabajos Fin de Grado, Fin de M\u00e1ster y Tesis Doctorales relacionadas con estudios con perspectiva de g\u00e9nero, diversidad sexual y por procedencia de la Universidad Rey Juan Carlos\",\"datePublished\":\"2023-12-19T07:54:16+00:00\",\"dateModified\":\"2024-12-02T10:19:19+00:00\",\"mainEntityOfPage\":{\"@id\":\"https:\\\/\\\/www.urjc2030.es\\\/ui\\\/i-edicion-de-los-premios-gloria-fuertes-urjc-a-trabajos-fin-de-grado-fin-de-master-y-tesis-doctorales-relacionadas-con-estudios-con-perspectiva-de-genero-diversidad-sexual-y-por-procedencia\\\/\"},\"wordCount\":326,\"publisher\":{\"@id\":\"https:\\\/\\\/www.urjc2030.es\\\/ui\\\/#organization\"},\"image\":{\"@id\":\"https:\\\/\\\/www.urjc2030.es\\\/ui\\\/i-edicion-de-los-premios-gloria-fuertes-urjc-a-trabajos-fin-de-grado-fin-de-master-y-tesis-doctorales-relacionadas-con-estudios-con-perspectiva-de-genero-diversidad-sexual-y-por-procedencia\\\/#primaryimage\"},\"thumbnailUrl\":\"https:\\\/\\\/www.urjc2030.es\\\/ui\\\/wp-content\\\/uploads\\\/sites\\\/10\\\/2023\\\/12\\\/Dipticos-RSU_3.jpg\",\"articleSection\":[\"Agenda\"],\"inLanguage\":\"es\"},{\"@type\":\"WebPage\",\"@id\":\"https:\\\/\\\/www.urjc2030.es\\\/ui\\\/i-edicion-de-los-premios-gloria-fuertes-urjc-a-trabajos-fin-de-grado-fin-de-master-y-tesis-doctorales-relacionadas-con-estudios-con-perspectiva-de-genero-diversidad-sexual-y-por-procedencia\\\/\",\"url\":\"https:\\\/\\\/www.urjc2030.es\\\/ui\\\/i-edicion-de-los-premios-gloria-fuertes-urjc-a-trabajos-fin-de-grado-fin-de-master-y-tesis-doctorales-relacionadas-con-estudios-con-perspectiva-de-genero-diversidad-sexual-y-por-procedencia\\\/\",\"name\":\"I Edici\u00f3n de los \\\"PREMIOS GLORIA FUERTES-URJC\\\" a Trabajos Fin de Grado, Fin de M\u00e1ster y Tesis Doctorales relacionadas con estudios con perspectiva de g\u00e9nero, diversidad sexual y por procedencia de la Universidad Rey Juan Carlos - Unidad de Igualdad\",\"isPartOf\":{\"@id\":\"https:\\\/\\\/www.urjc2030.es\\\/ui\\\/#website\"},\"primaryImageOfPage\":{\"@id\":\"https:\\\/\\\/www.urjc2030.es\\\/ui\\\/i-edicion-de-los-premios-gloria-fuertes-urjc-a-trabajos-fin-de-grado-fin-de-master-y-tesis-doctorales-relacionadas-con-estudios-con-perspectiva-de-genero-diversidad-sexual-y-por-procedencia\\\/#primaryimage\"},\"image\":{\"@id\":\"https:\\\/\\\/www.urjc2030.es\\\/ui\\\/i-edicion-de-los-premios-gloria-fuertes-urjc-a-trabajos-fin-de-grado-fin-de-master-y-tesis-doctorales-relacionadas-con-estudios-con-perspectiva-de-genero-diversidad-sexual-y-por-procedencia\\\/#primaryimage\"},\"thumbnailUrl\":\"https:\\\/\\\/www.urjc2030.es\\\/ui\\\/wp-content\\\/uploads\\\/sites\\\/10\\\/2023\\\/12\\\/Dipticos-RSU_3.jpg\",\"datePublished\":\"2023-12-19T07:54:16+00:00\",\"dateModified\":\"2024-12-02T10:19:19+00:00\",\"breadcrumb\":{\"@id\":\"https:\\\/\\\/www.urjc2030.es\\\/ui\\\/i-edicion-de-los-premios-gloria-fuertes-urjc-a-trabajos-fin-de-grado-fin-de-master-y-tesis-doctorales-relacionadas-con-estudios-con-perspectiva-de-genero-diversidad-sexual-y-por-procedencia\\\/#breadcrumb\"},\"inLanguage\":\"es\",\"potentialAction\":[{\"@type\":\"ReadAction\",\"target\":[\"https:\\\/\\\/www.urjc2030.es\\\/ui\\\/i-edicion-de-los-premios-gloria-fuertes-urjc-a-trabajos-fin-de-grado-fin-de-master-y-tesis-doctorales-relacionadas-con-estudios-con-perspectiva-de-genero-diversidad-sexual-y-por-procedencia\\\/\"]}]},{\"@type\":\"ImageObject\",\"inLanguage\":\"es\",\"@id\":\"https:\\\/\\\/www.urjc2030.es\\\/ui\\\/i-edicion-de-los-premios-gloria-fuertes-urjc-a-trabajos-fin-de-grado-fin-de-master-y-tesis-doctorales-relacionadas-con-estudios-con-perspectiva-de-genero-diversidad-sexual-y-por-procedencia\\\/#primaryimage\",\"url\":\"https:\\\/\\\/www.urjc2030.es\\\/ui\\\/wp-content\\\/uploads\\\/sites\\\/10\\\/2023\\\/12\\\/Dipticos-RSU_3.jpg\",\"contentUrl\":\"https:\\\/\\\/www.urjc2030.es\\\/ui\\\/wp-content\\\/uploads\\\/sites\\\/10\\\/2023\\\/12\\\/Dipticos-RSU_3.jpg\",\"width\":1097,\"height\":689,\"caption\":\"Dipticos RSU_3\"},{\"@type\":\"BreadcrumbList\",\"@id\":\"https:\\\/\\\/www.urjc2030.es\\\/ui\\\/i-edicion-de-los-premios-gloria-fuertes-urjc-a-trabajos-fin-de-grado-fin-de-master-y-tesis-doctorales-relacionadas-con-estudios-con-perspectiva-de-genero-diversidad-sexual-y-por-procedencia\\\/#breadcrumb\",\"itemListElement\":[{\"@type\":\"ListItem\",\"position\":1,\"name\":\"Portada\",\"item\":\"https:\\\/\\\/www.urjc2030.es\\\/ui\\\/\"},{\"@type\":\"ListItem\",\"position\":2,\"name\":\"I Edici\u00f3n de los \u00abPREMIOS GLORIA FUERTES-URJC\u00bb a Trabajos Fin de Grado, Fin de M\u00e1ster y Tesis Doctorales relacionadas con estudios con perspectiva de g\u00e9nero, diversidad sexual y por procedencia de la Universidad Rey Juan Carlos\"}]},{\"@type\":\"WebSite\",\"@id\":\"https:\\\/\\\/www.urjc2030.es\\\/ui\\\/#website\",\"url\":\"https:\\\/\\\/www.urjc2030.es\\\/ui\\\/\",\"name\":\"Unidad de Igualdad\",\"description\":\"Elaborar, dar seguimiento y evaluar el Plan de Igualdad de la URJC, as\u00ed como velar por cumplimiento de la legislaci\u00f3n vigente en materia de igualdad efectiva entre mujeres y hombres.\",\"publisher\":{\"@id\":\"https:\\\/\\\/www.urjc2030.es\\\/ui\\\/#organization\"},\"potentialAction\":[{\"@type\":\"SearchAction\",\"target\":{\"@type\":\"EntryPoint\",\"urlTemplate\":\"https:\\\/\\\/www.urjc2030.es\\\/ui\\\/?s={search_term_string}\"},\"query-input\":{\"@type\":\"PropertyValueSpecification\",\"valueRequired\":true,\"valueName\":\"search_term_string\"}}],\"inLanguage\":\"es\"},{\"@type\":\"Organization\",\"@id\":\"https:\\\/\\\/www.urjc2030.es\\\/ui\\\/#organization\",\"name\":\"Universidad Rey Juan Carlos\",\"url\":\"https:\\\/\\\/www.urjc2030.es\\\/ui\\\/\",\"logo\":{\"@type\":\"ImageObject\",\"inLanguage\":\"es\",\"@id\":\"https:\\\/\\\/www.urjc2030.es\\\/ui\\\/#\\\/schema\\\/logo\\\/image\\\/\",\"url\":\"https:\\\/\\\/www.urjc2030.es\\\/ui\\\/wp-content\\\/uploads\\\/sites\\\/10\\\/2020\\\/10\\\/logoURJC.png\",\"contentUrl\":\"https:\\\/\\\/www.urjc2030.es\\\/ui\\\/wp-content\\\/uploads\\\/sites\\\/10\\\/2020\\\/10\\\/logoURJC.png\",\"width\":800,\"height\":305,\"caption\":\"Universidad Rey Juan Carlos\"},\"image\":{\"@id\":\"https:\\\/\\\/www.urjc2030.es\\\/ui\\\/#\\\/schema\\\/logo\\\/image\\\/\"},\"sameAs\":[\"https:\\\/\\\/www.facebook.com\\\/universidadreyjuancarlos\",\"https:\\\/\\\/x.com\\\/urjc\",\"https:\\\/\\\/www.instagram.com\\\/urjc_uni\\\/?hl=es\"]},{\"@type\":\"Person\",\"@id\":\"https:\\\/\\\/www.urjc2030.es\\\/ui\\\/#\\\/schema\\\/person\\\/ddacb9e5abf914ab720a3d13fc047418\",\"name\":\"carlos\",\"image\":{\"@type\":\"ImageObject\",\"inLanguage\":\"es\",\"@id\":\"https:\\\/\\\/secure.gravatar.com\\\/avatar\\\/98e1c0d637a9f3d3cd2be0e49e5387245f96e039452a34f919c9e800cad0f304?s=96&d=mm&r=g\",\"url\":\"https:\\\/\\\/secure.gravatar.com\\\/avatar\\\/98e1c0d637a9f3d3cd2be0e49e5387245f96e039452a34f919c9e800cad0f304?s=96&d=mm&r=g\",\"contentUrl\":\"https:\\\/\\\/secure.gravatar.com\\\/avatar\\\/98e1c0d637a9f3d3cd2be0e49e5387245f96e039452a34f919c9e800cad0f304?s=96&d=mm&r=g\",\"caption\":\"carlos\"},\"url\":\"https:\\\/\\\/www.urjc2030.es\\\/ui\\\/author\\\/carlos\\\/\"}]}<\/script>\n<!-- \/ Yoast SEO plugin. -->","yoast_head_json":{"title":"I Edici\u00f3n de los \"PREMIOS GLORIA FUERTES-URJC\" a Trabajos Fin de Grado, Fin de M\u00e1ster y Tesis Doctorales relacionadas con estudios con perspectiva de g\u00e9nero, diversidad sexual y por procedencia de la Universidad Rey Juan Carlos - Unidad de Igualdad","robots":{"index":"index","follow":"follow","max-snippet":"max-snippet:-1","max-image-preview":"max-image-preview:large","max-video-preview":"max-video-preview:-1"},"canonical":"https:\/\/www.urjc2030.es\/ui\/i-edicion-de-los-premios-gloria-fuertes-urjc-a-trabajos-fin-de-grado-fin-de-master-y-tesis-doctorales-relacionadas-con-estudios-con-perspectiva-de-genero-diversidad-sexual-y-por-procedencia\/","og_locale":"es_ES","og_type":"article","og_title":"I Edici\u00f3n de los \"PREMIOS GLORIA FUERTES-URJC\" a Trabajos Fin de Grado, Fin de M\u00e1ster y Tesis Doctorales relacionadas con estudios con perspectiva de g\u00e9nero, diversidad sexual y por procedencia de la Universidad Rey Juan Carlos - Unidad de Igualdad","og_description":"Beneficiarios: Estudiantes URJC Descripci\u00f3n:\u00a0Resoluci\u00f3n del Rector de la Universidad Rey Juan Carlos por la que se aprueba y se hace p\u00fablica la convocatoria de la I Edici\u00f3n de los \u201cPremios Gloria Fuertes \u2013 URJC\u201d Objeto:\u00a0La presente convocatoria tiene como objeto incentivar e impulsar en la URJC el conocimiento y la comprensi\u00f3n de la Agenda 2030 [&hellip;]","og_url":"https:\/\/www.urjc2030.es\/ui\/i-edicion-de-los-premios-gloria-fuertes-urjc-a-trabajos-fin-de-grado-fin-de-master-y-tesis-doctorales-relacionadas-con-estudios-con-perspectiva-de-genero-diversidad-sexual-y-por-procedencia\/","og_site_name":"Unidad de Igualdad","article_publisher":"https:\/\/www.facebook.com\/universidadreyjuancarlos","article_published_time":"2023-12-19T07:54:16+00:00","article_modified_time":"2024-12-02T10:19:19+00:00","og_image":[{"width":1097,"height":689,"url":"https:\/\/www.urjc2030.es\/ui\/wp-content\/uploads\/sites\/10\/2023\/12\/Dipticos-RSU_3.jpg","type":"image\/jpeg"}],"author":"carlos","twitter_card":"summary_large_image","twitter_creator":"@urjc","twitter_site":"@urjc","schema":{"@context":"https:\/\/schema.org","@graph":[{"@type":"Article","@id":"https:\/\/www.urjc2030.es\/ui\/i-edicion-de-los-premios-gloria-fuertes-urjc-a-trabajos-fin-de-grado-fin-de-master-y-tesis-doctorales-relacionadas-con-estudios-con-perspectiva-de-genero-diversidad-sexual-y-por-procedencia\/#article","isPartOf":{"@id":"https:\/\/www.urjc2030.es\/ui\/i-edicion-de-los-premios-gloria-fuertes-urjc-a-trabajos-fin-de-grado-fin-de-master-y-tesis-doctorales-relacionadas-con-estudios-con-perspectiva-de-genero-diversidad-sexual-y-por-procedencia\/"},"author":{"name":"carlos","@id":"https:\/\/www.urjc2030.es\/ui\/#\/schema\/person\/ddacb9e5abf914ab720a3d13fc047418"},"headline":"I Edici\u00f3n de los \u00abPREMIOS GLORIA FUERTES-URJC\u00bb a Trabajos Fin de Grado, Fin de M\u00e1ster y Tesis Doctorales relacionadas con estudios con perspectiva de g\u00e9nero, diversidad sexual y por procedencia de la Universidad Rey Juan Carlos","datePublished":"2023-12-19T07:54:16+00:00","dateModified":"2024-12-02T10:19:19+00:00","mainEntityOfPage":{"@id":"https:\/\/www.urjc2030.es\/ui\/i-edicion-de-los-premios-gloria-fuertes-urjc-a-trabajos-fin-de-grado-fin-de-master-y-tesis-doctorales-relacionadas-con-estudios-con-perspectiva-de-genero-diversidad-sexual-y-por-procedencia\/"},"wordCount":326,"publisher":{"@id":"https:\/\/www.urjc2030.es\/ui\/#organization"},"image":{"@id":"https:\/\/www.urjc2030.es\/ui\/i-edicion-de-los-premios-gloria-fuertes-urjc-a-trabajos-fin-de-grado-fin-de-master-y-tesis-doctorales-relacionadas-con-estudios-con-perspectiva-de-genero-diversidad-sexual-y-por-procedencia\/#primaryimage"},"thumbnailUrl":"https:\/\/www.urjc2030.es\/ui\/wp-content\/uploads\/sites\/10\/2023\/12\/Dipticos-RSU_3.jpg","articleSection":["Agenda"],"inLanguage":"es"},{"@type":"WebPage","@id":"https:\/\/www.urjc2030.es\/ui\/i-edicion-de-los-premios-gloria-fuertes-urjc-a-trabajos-fin-de-grado-fin-de-master-y-tesis-doctorales-relacionadas-con-estudios-con-perspectiva-de-genero-diversidad-sexual-y-por-procedencia\/","url":"https:\/\/www.urjc2030.es\/ui\/i-edicion-de-los-premios-gloria-fuertes-urjc-a-trabajos-fin-de-grado-fin-de-master-y-tesis-doctorales-relacionadas-con-estudios-con-perspectiva-de-genero-diversidad-sexual-y-por-procedencia\/","name":"I Edici\u00f3n de los \"PREMIOS GLORIA FUERTES-URJC\" a Trabajos Fin de Grado, Fin de M\u00e1ster y Tesis Doctorales relacionadas con estudios con perspectiva de g\u00e9nero, diversidad sexual y por procedencia de la Universidad Rey Juan Carlos - Unidad de Igualdad","isPartOf":{"@id":"https:\/\/www.urjc2030.es\/ui\/#website"},"primaryImageOfPage":{"@id":"https:\/\/www.urjc2030.es\/ui\/i-edicion-de-los-premios-gloria-fuertes-urjc-a-trabajos-fin-de-grado-fin-de-master-y-tesis-doctorales-relacionadas-con-estudios-con-perspectiva-de-genero-diversidad-sexual-y-por-procedencia\/#primaryimage"},"image":{"@id":"https:\/\/www.urjc2030.es\/ui\/i-edicion-de-los-premios-gloria-fuertes-urjc-a-trabajos-fin-de-grado-fin-de-master-y-tesis-doctorales-relacionadas-con-estudios-con-perspectiva-de-genero-diversidad-sexual-y-por-procedencia\/#primaryimage"},"thumbnailUrl":"https:\/\/www.urjc2030.es\/ui\/wp-content\/uploads\/sites\/10\/2023\/12\/Dipticos-RSU_3.jpg","datePublished":"2023-12-19T07:54:16+00:00","dateModified":"2024-12-02T10:19:19+00:00","breadcrumb":{"@id":"https:\/\/www.urjc2030.es\/ui\/i-edicion-de-los-premios-gloria-fuertes-urjc-a-trabajos-fin-de-grado-fin-de-master-y-tesis-doctorales-relacionadas-con-estudios-con-perspectiva-de-genero-diversidad-sexual-y-por-procedencia\/#breadcrumb"},"inLanguage":"es","potentialAction":[{"@type":"ReadAction","target":["https:\/\/www.urjc2030.es\/ui\/i-edicion-de-los-premios-gloria-fuertes-urjc-a-trabajos-fin-de-grado-fin-de-master-y-tesis-doctorales-relacionadas-con-estudios-con-perspectiva-de-genero-diversidad-sexual-y-por-procedencia\/"]}]},{"@type":"ImageObject","inLanguage":"es","@id":"https:\/\/www.urjc2030.es\/ui\/i-edicion-de-los-premios-gloria-fuertes-urjc-a-trabajos-fin-de-grado-fin-de-master-y-tesis-doctorales-relacionadas-con-estudios-con-perspectiva-de-genero-diversidad-sexual-y-por-procedencia\/#primaryimage","url":"https:\/\/www.urjc2030.es\/ui\/wp-content\/uploads\/sites\/10\/2023\/12\/Dipticos-RSU_3.jpg","contentUrl":"https:\/\/www.urjc2030.es\/ui\/wp-content\/uploads\/sites\/10\/2023\/12\/Dipticos-RSU_3.jpg","width":1097,"height":689,"caption":"Dipticos RSU_3"},{"@type":"BreadcrumbList","@id":"https:\/\/www.urjc2030.es\/ui\/i-edicion-de-los-premios-gloria-fuertes-urjc-a-trabajos-fin-de-grado-fin-de-master-y-tesis-doctorales-relacionadas-con-estudios-con-perspectiva-de-genero-diversidad-sexual-y-por-procedencia\/#breadcrumb","itemListElement":[{"@type":"ListItem","position":1,"name":"Portada","item":"https:\/\/www.urjc2030.es\/ui\/"},{"@type":"ListItem","position":2,"name":"I Edici\u00f3n de los \u00abPREMIOS GLORIA FUERTES-URJC\u00bb a Trabajos Fin de Grado, Fin de M\u00e1ster y Tesis Doctorales relacionadas con estudios con perspectiva de g\u00e9nero, diversidad sexual y por procedencia de la Universidad Rey Juan Carlos"}]},{"@type":"WebSite","@id":"https:\/\/www.urjc2030.es\/ui\/#website","url":"https:\/\/www.urjc2030.es\/ui\/","name":"Unidad de Igualdad","description":"Elaborar, dar seguimiento y evaluar el Plan de Igualdad de la URJC, as\u00ed como velar por cumplimiento de la legislaci\u00f3n vigente en materia de igualdad efectiva entre mujeres y hombres.","publisher":{"@id":"https:\/\/www.urjc2030.es\/ui\/#organization"},"potentialAction":[{"@type":"SearchAction","target":{"@type":"EntryPoint","urlTemplate":"https:\/\/www.urjc2030.es\/ui\/?s={search_term_string}"},"query-input":{"@type":"PropertyValueSpecification","valueRequired":true,"valueName":"search_term_string"}}],"inLanguage":"es"},{"@type":"Organization","@id":"https:\/\/www.urjc2030.es\/ui\/#organization","name":"Universidad Rey Juan Carlos","url":"https:\/\/www.urjc2030.es\/ui\/","logo":{"@type":"ImageObject","inLanguage":"es","@id":"https:\/\/www.urjc2030.es\/ui\/#\/schema\/logo\/image\/","url":"https:\/\/www.urjc2030.es\/ui\/wp-content\/uploads\/sites\/10\/2020\/10\/logoURJC.png","contentUrl":"https:\/\/www.urjc2030.es\/ui\/wp-content\/uploads\/sites\/10\/2020\/10\/logoURJC.png","width":800,"height":305,"caption":"Universidad Rey Juan Carlos"},"image":{"@id":"https:\/\/www.urjc2030.es\/ui\/#\/schema\/logo\/image\/"},"sameAs":["https:\/\/www.facebook.com\/universidadreyjuancarlos","https:\/\/x.com\/urjc","https:\/\/www.instagram.com\/urjc_uni\/?hl=es"]},{"@type":"Person","@id":"https:\/\/www.urjc2030.es\/ui\/#\/schema\/person\/ddacb9e5abf914ab720a3d13fc047418","name":"carlos","image":{"@type":"ImageObject","inLanguage":"es","@id":"https:\/\/secure.gravatar.com\/avatar\/98e1c0d637a9f3d3cd2be0e49e5387245f96e039452a34f919c9e800cad0f304?s=96&d=mm&r=g","url":"https:\/\/secure.gravatar.com\/avatar\/98e1c0d637a9f3d3cd2be0e49e5387245f96e039452a34f919c9e800cad0f304?s=96&d=mm&r=g","contentUrl":"https:\/\/secure.gravatar.com\/avatar\/98e1c0d637a9f3d3cd2be0e49e5387245f96e039452a34f919c9e800cad0f304?s=96&d=mm&r=g","caption":"carlos"},"url":"https:\/\/www.urjc2030.es\/ui\/author\/carlos\/"}]}},"_links":{"self":[{"href":"https:\/\/www.urjc2030.es\/ui\/wp-json\/wp\/v2\/posts\/1673","targetHints":{"allow":["GET"]}}],"collection":[{"href":"https:\/\/www.urjc2030.es\/ui\/wp-json\/wp\/v2\/posts"}],"about":[{"href":"https:\/\/www.urjc2030.es\/ui\/wp-json\/wp\/v2\/types\/post"}],"author":[{"embeddable":true,"href":"https:\/\/www.urjc2030.es\/ui\/wp-json\/wp\/v2\/users\/10"}],"replies":[{"embeddable":true,"href":"https:\/\/www.urjc2030.es\/ui\/wp-json\/wp\/v2\/comments?post=1673"}],"version-history":[{"count":5,"href":"https:\/\/www.urjc2030.es\/ui\/wp-json\/wp\/v2\/posts\/1673\/revisions"}],"predecessor-version":[{"id":1797,"href":"https:\/\/www.urjc2030.es\/ui\/wp-json\/wp\/v2\/posts\/1673\/revisions\/1797"}],"wp:featuredmedia":[{"embeddable":true,"href":"https:\/\/www.urjc2030.es\/ui\/wp-json\/wp\/v2\/media\/1670"}],"wp:attachment":[{"href":"https:\/\/www.urjc2030.es\/ui\/wp-json\/wp\/v2\/media?parent=1673"}],"wp:term":[{"taxonomy":"category","embeddable":true,"href":"https:\/\/www.urjc2030.es\/ui\/wp-json\/wp\/v2\/categories?post=1673"},{"taxonomy":"post_tag","embeddable":true,"href":"https:\/\/www.urjc2030.es\/ui\/wp-json\/wp\/v2\/tags?post=1673"}],"curies":[{"name":"wp","href":"https:\/\/api.w.org\/{rel}","templated":true}]}}